{"id":449,"date":"2017-07-05T07:38:07","date_gmt":"2017-07-05T05:38:07","guid":{"rendered":"http:\/\/bordeaux167.legtux.org\/wpress\/?p=449"},"modified":"2017-08-03T13:58:15","modified_gmt":"2017-08-03T11:58:15","slug":"laquarelle-apres-une-carriere-dingenieur","status":"publish","type":"post","link":"https:\/\/bordeaux167.legtux.org\/wpress\/laquarelle-apres-une-carriere-dingenieur\/","title":{"rendered":"L&rsquo;aquarelle apr\u00e8s une carri\u00e8re d&rsquo;ing\u00e9nieur"},"content":{"rendered":"<p>Ma carri\u00e8re d\u2019ing\u00e9nieur dans le b\u00e2timent, s\u2019est termin\u00e9e fin 2010 avec l\u2019acc\u00e8s \u00e0 retraite et j\u2019en ai profit\u00e9 pour retrouver mon hobby de jeunesse \u00ab\u00a0la peinture\u00a0\u00bb. Sur l\u2019aimable demande de Lary, je vous fais part de cette reconversion, et peut \u00eatre susciterai-je quelques \u00e9mules !<\/p>\n<p>Depuis mon adolescence, le dessin et la peinture m\u2019ont attir\u00e9. Mon g\u00f4ut pour le dessin, son analyse pr\u00e9alable et la n\u00e9cessaire pr\u00e9cision du rendu, m\u2019ont s\u00fbrement conduit, consciemment ou inconsciemment, \u00e0 m\u2019int\u00e9resser au concours des Arts et M\u00e9tiers et ensuite \u00e0 en appr\u00e9cier la formation qui me correspondait tout \u00e0 fait.<\/p>\n<p>Pendant ma carri\u00e8re professionnelle, j\u2019ai pu pratiquer la peinture de fa\u00e7on \u00e9pisodiques en profitant des quelques moments de moindre stress. Peindre ou dessiner d\u00e9tend bien s\u00fbr , mais paradoxalement pour atteindre un \u00e9tat cr\u00e9atif, il faut \u00eatre suffisamment disponible. Par p\u00e9riodes espac\u00e9es parfois de plus de 10 ans, je me suis ainsi essay\u00e9 \u00e0 la peinture \u00e0 l\u2019huile, \u00e0 l\u2019acrylique, au fusain et enfin \u00e0 l\u2019aquarelle, sans grande r\u00e9ussite toutefois.<\/p>\n<p>Je me suis enfin fix\u00e9 sur l\u2019aquarelle, apr\u00e8s avoir d\u00e9laiss\u00e9 la peinture \u00e0 l\u2019huile ( qui r\u00e9pandait son odeur d\u2019essence de t\u00e9r\u00e9benthine dans la maison), abandonn\u00e9 l\u2019acrylique ( qui s\u00e8che trop vite), et tourn\u00e9 le dos au fusain ( beaucoup trop salissant ). L\u2019aquarelle facilite la conservation des oeuvres qui sont de l\u2019\u00e9paisseur d\u2019une feuille de papier et donc facilement stockables dans un carton \u00e0 dessin ( alors que les toiles sur ch\u00e2ssis prennent beaucoup de place ).<\/p>\n<p>En l\u2019an 2000 j\u2019ai \u00e9prouv\u00e9 le besoin d\u2019apprendre les rudiments et les techniques de base de l\u2019aquarelle et j\u2019ai fait mon premier stage en r\u00e9gion parisienne avec une aquarelliste connue. Malheureusement, peu de temps apr\u00e8s, je changeais de poste et de soci\u00e9t\u00e9 et n\u2019ai plus eu la disponibilit\u00e9 d\u2019esprit pour continuer la peinture. \u00a0 J\u2019ai pu reprendre ces stages en 2008, un samedi par mois, avec l\u2019id\u00e9e de poursuivre lors de ma retraite, et je me suis surtout lanc\u00e9 en 2011 lib\u00e9r\u00e9 de toute contrainte.<\/p>\n<p>Je me suis d\u2019abord consacr\u00e9 \u00e0 des formations, en participant \u00e0 de nombreux stages avec des aquarellistes confirm\u00e9s et de renomm\u00e9e, Annick BERTEAUX, Monique PUJO-MONFRAN, Marie-Line MONTECOT, Roland PALMAERTS, Eug\u00e8ne CHISNICEAN, Marc FOLLY. Tous ces grands aquarellistes ont chacun leurs techniques et leurs approches diff\u00e9rentes et j\u2019ai pris \u00e0 chacun ce que j\u2019ai consid\u00e9r\u00e9 me convenir.<\/p>\n<p>J\u2019aime l\u2019Aquarelle pour le jeu des pigments et de l\u2019eau, o\u00f9 la maitrise des techniques s\u2019associe avec des hasards heureux. Elle permet de recr\u00e9er des atmosph\u00e8res, des lumi\u00e8res,\u00a0 du mouvement, pour passer de la r\u00e9alit\u00e9 au r\u00eave . J\u2019aime les sujets qui g\u00e9n\u00e8rent des sentiments de qui\u00e9tude, de force ou d\u2019\u00e9vasion. Ce sont principalement des paysages de montagne, de cours d\u2019eaux, de bord de mer ou de bateaux, mais j\u2019aime aussi des sujets plus intimistes comme les int\u00e9rieurs d\u2019\u00e9glise.<\/p>\n<p>Mon pass\u00e9 d\u2019ing\u00e9nieur me conduit naturellement \u00e0 une peinture plut\u00f4t figurative\u2026! mais j\u2019essaye d\u2019\u00e9voluer vers une peinture plus sugg\u00e9r\u00e9e, qui me plait d\u2019avantage. Comme dans nos m\u00e9tiers pr\u00e9c\u00e9dents, il faut toujours avoir une perspective d\u2019\u00e9volution. Je peins rarement \u00ab\u00a0in situ\u00a0\u00bb, sauf quelques croquis rapides, et je pr\u00e9f\u00e8re au gr\u00e9 de mes voyages ou de mes randonn\u00e9es, prendre des photos avec l\u2019id\u00e9e de peindre, dont certaines serviront \u00e0 de futures aquarelles, en les transformant et les interpr\u00e9tant abondamment pour n\u2019en retenir que l\u2019essentiel. Cela me permet de regarder plus intens\u00e9ment, de m\u2019\u00e9vader, de r\u00eaver, de m\u2019\u00e9mouvoir, d\u2019oublier le temps.<\/p>\n<h4>Exemples de croquis \u00ab\u00a0in situ\u00a0\u00bb<\/h4>\n<p>&nbsp;<\/p>\n<p><img loading=\"lazy\" decoding=\"async\" class=\"size-medium wp-image-452 alignleft\" src=\"https:\/\/bordeaux167.legtux.org\/wpress\/wp-content\/uploads\/2017\/07\/quillacq5-1-300x231.jpg\" alt=\"\" width=\"300\" height=\"231\" srcset=\"https:\/\/bordeaux167.legtux.org\/wpress\/wp-content\/uploads\/2017\/07\/quillacq5-1-300x231.jpg 300w, https:\/\/bordeaux167.legtux.org\/wpress\/wp-content\/uploads\/2017\/07\/quillacq5-1-200x154.jpg 200w, https:\/\/bordeaux167.legtux.org\/wpress\/wp-content\/uploads\/2017\/07\/quillacq5-1.jpg 500w\" sizes=\"auto, (max-width: 300px) 100vw, 300px\" \/><\/p>\n<p><img loading=\"lazy\" decoding=\"async\" class=\"size-medium wp-image-453 alignleft\" src=\"https:\/\/bordeaux167.legtux.org\/wpress\/wp-content\/uploads\/2017\/07\/quillacq6-300x231.jpg\" alt=\"\" width=\"300\" height=\"231\" srcset=\"https:\/\/bordeaux167.legtux.org\/wpress\/wp-content\/uploads\/2017\/07\/quillacq6-300x231.jpg 300w, https:\/\/bordeaux167.legtux.org\/wpress\/wp-content\/uploads\/2017\/07\/quillacq6-200x154.jpg 200w, https:\/\/bordeaux167.legtux.org\/wpress\/wp-content\/uploads\/2017\/07\/quillacq6.jpg 500w\" sizes=\"auto, (max-width: 300px) 100vw, 300px\" \/><\/p>\n<p>&nbsp;<\/p>\n<p>&nbsp;<\/p>\n<p>&nbsp;<\/p>\n<p>&nbsp;<\/p>\n<p>&nbsp;<\/p>\n<p>&nbsp;<\/p>\n<p>Maintenant, j\u2019en suis au stade ou j\u2019essaye de m\u2019int\u00e9grer dans un r\u00e9seau, en participant \u00e0 des expositions &#8211; CONCOURS &#8211; FESTIVALS &#8211; BIENNALES D\u2019AQUARELLE etc\u2026 Ces manifestations, sont l\u2019occasion de rencontrer et d\u2019\u00e9changer avec de\u00a0 nombreux aquarellistes plus exp\u00e9riment\u00e9s, des organisateurs d\u2019expositions et de nombreux amateurs passionn\u00e9s. J\u2019ai commenc\u00e9 par des manifestations locales et je postule maintenant pour des manifestations plus importantes et de plus large renomm\u00e9e.<\/p>\n<h4>Quelques toiles expos\u00e9es<\/h4>\n<p><img loading=\"lazy\" decoding=\"async\" class=\"alignleft wp-image-455\" src=\"https:\/\/bordeaux167.legtux.org\/wpress\/wp-content\/uploads\/2017\/07\/quillacq1.jpg\" alt=\"\" width=\"300\" height=\"432\" srcset=\"https:\/\/bordeaux167.legtux.org\/wpress\/wp-content\/uploads\/2017\/07\/quillacq1.jpg 500w, https:\/\/bordeaux167.legtux.org\/wpress\/wp-content\/uploads\/2017\/07\/quillacq1-208x300.jpg 208w, https:\/\/bordeaux167.legtux.org\/wpress\/wp-content\/uploads\/2017\/07\/quillacq1-200x288.jpg 200w\" sizes=\"auto, (max-width: 300px) 100vw, 300px\" \/><img loading=\"lazy\" decoding=\"async\" class=\"alignleft wp-image-454\" src=\"https:\/\/bordeaux167.legtux.org\/wpress\/wp-content\/uploads\/2017\/07\/quillacq4.jpg\" alt=\"\" width=\"300\" height=\"432\" srcset=\"https:\/\/bordeaux167.legtux.org\/wpress\/wp-content\/uploads\/2017\/07\/quillacq4.jpg 500w, https:\/\/bordeaux167.legtux.org\/wpress\/wp-content\/uploads\/2017\/07\/quillacq4-208x300.jpg 208w, https:\/\/bordeaux167.legtux.org\/wpress\/wp-content\/uploads\/2017\/07\/quillacq4-200x288.jpg 200w\" sizes=\"auto, (max-width: 300px) 100vw, 300px\" \/><\/p>\n<p>&nbsp;<\/p>\n<p>&nbsp;<\/p>\n<p>&nbsp;<\/p>\n<p>&nbsp;<\/p>\n<p>&nbsp;<\/p>\n<p>&nbsp;<\/p>\n<p>&nbsp;<\/p>\n<p>&nbsp;<\/p>\n<p>&nbsp;<\/p>\n<p>&nbsp;<\/p>\n<p>&nbsp;<\/p>\n<p><img loading=\"lazy\" decoding=\"async\" class=\"alignleft wp-image-457 size-medium\" src=\"https:\/\/bordeaux167.legtux.org\/wpress\/wp-content\/uploads\/2017\/07\/quillacq3-300x252.jpg\" alt=\"\" width=\"300\" height=\"252\" srcset=\"https:\/\/bordeaux167.legtux.org\/wpress\/wp-content\/uploads\/2017\/07\/quillacq3-300x252.jpg 300w, https:\/\/bordeaux167.legtux.org\/wpress\/wp-content\/uploads\/2017\/07\/quillacq3-200x168.jpg 200w, https:\/\/bordeaux167.legtux.org\/wpress\/wp-content\/uploads\/2017\/07\/quillacq3.jpg 500w\" sizes=\"auto, (max-width: 300px) 100vw, 300px\" \/><img loading=\"lazy\" decoding=\"async\" class=\"alignleft wp-image-456 size-medium\" src=\"https:\/\/bordeaux167.legtux.org\/wpress\/wp-content\/uploads\/2017\/07\/quillacq2-300x252.jpg\" alt=\"\" width=\"300\" height=\"252\" srcset=\"https:\/\/bordeaux167.legtux.org\/wpress\/wp-content\/uploads\/2017\/07\/quillacq2-300x252.jpg 300w, https:\/\/bordeaux167.legtux.org\/wpress\/wp-content\/uploads\/2017\/07\/quillacq2-200x168.jpg 200w, https:\/\/bordeaux167.legtux.org\/wpress\/wp-content\/uploads\/2017\/07\/quillacq2.jpg 500w\" sizes=\"auto, (max-width: 300px) 100vw, 300px\" \/><\/p>\n<p>&nbsp;<\/p>\n<p>&nbsp;<\/p>\n<p>&nbsp;<\/p>\n<p>&nbsp;<\/p>\n<p>&nbsp;<\/p>\n<p>&nbsp;<\/p>\n<p>&nbsp;<\/p>\n<p>Vous retrouverez tout cela sur mon site internet <a href=\"http:\/\/bernard-quillacq.com\"> bernard-quillacq.com<\/a> et sur mon compte Facebook.<\/p>\n<p>Je souhaite \u00e0 chacun d\u2019aborder, le moment venu, ce nouvel \u00e2ge de la retraite avec enthousiasme, et d\u2019\u00e9panouir son potentiel.<\/p>\n<p>FRATERNELLEMENT<\/p>\n<p>Bernard QUILLACQ \u00a0 dit \u00ab\u00a0K\u00c8S\u00a0\u00bb<\/p>\n","protected":false},"excerpt":{"rendered":"<p>Ma carri\u00e8re d\u2019ing\u00e9nieur dans le b\u00e2timent, s\u2019est termin\u00e9e fin 2010 avec l\u2019acc\u00e8s \u00e0 retraite et <a class=\"read-more\" href=\"https:\/\/bordeaux167.legtux.org\/wpress\/laquarelle-apres-une-carriere-dingenieur\/\">Lire la suite<\/a><\/p>\n","protected":false},"author":1,"featured_media":459,"comment_status":"closed","ping_status":"open","sticky":false,"template":"","format":"link","meta":{"footnotes":""},"categories":[5],"tags":[],"class_list":["post-449","post","type-post","status-publish","format-link","has-post-thumbnail","hentry","category-publication","post_format-post-format-link","post-item clearfix"],"yoast_head":"<!-- This site is optimized with the Yoast SEO plugin v26.9 - https:\/\/yoast.com\/product\/yoast-seo-wordpress\/ -->\n<title>L&#039;aquarelle apr\u00e8s une carri\u00e8re d&#039;ing\u00e9nieur - Bordeaux 167<\/title>\n<meta name=\"robots\" content=\"index, follow, max-snippet:-1, max-image-preview:large, max-video-preview:-1\" \/>\n<link rel=\"canonical\" href=\"https:\/\/bordeaux167.legtux.org\/wpress\/laquarelle-apres-une-carriere-dingenieur\/\" class=\"yoast-seo-meta-tag\" \/>\n<meta property=\"og:locale\" content=\"fr_FR\" class=\"yoast-seo-meta-tag\" \/>\n<meta property=\"og:type\" content=\"article\" class=\"yoast-seo-meta-tag\" \/>\n<meta property=\"og:title\" content=\"L&#039;aquarelle apr\u00e8s une carri\u00e8re d&#039;ing\u00e9nieur - Bordeaux 167\" class=\"yoast-seo-meta-tag\" \/>\n<meta property=\"og:description\" content=\"Ma carri\u00e8re d\u2019ing\u00e9nieur dans le b\u00e2timent, s\u2019est termin\u00e9e fin 2010 avec l\u2019acc\u00e8s \u00e0 retraite et Lire la suite\" class=\"yoast-seo-meta-tag\" \/>\n<meta property=\"og:url\" content=\"https:\/\/bordeaux167.legtux.org\/wpress\/laquarelle-apres-une-carriere-dingenieur\/\" class=\"yoast-seo-meta-tag\" \/>\n<meta property=\"og:site_name\" content=\"Bordeaux 167\" class=\"yoast-seo-meta-tag\" \/>\n<meta property=\"article:published_time\" content=\"2017-07-05T05:38:07+00:00\" class=\"yoast-seo-meta-tag\" \/>\n<meta property=\"article:modified_time\" content=\"2017-08-03T11:58:15+00:00\" class=\"yoast-seo-meta-tag\" \/>\n<meta property=\"og:image\" content=\"https:\/\/bordeaux167.legtux.org\/wpress\/wp-content\/uploads\/2017\/07\/quillacq7.jpg\" class=\"yoast-seo-meta-tag\" \/>\n\t<meta property=\"og:image:width\" content=\"1000\" class=\"yoast-seo-meta-tag\" \/>\n\t<meta property=\"og:image:height\" content=\"500\" class=\"yoast-seo-meta-tag\" \/>\n\t<meta property=\"og:image:type\" content=\"image\/jpeg\" class=\"yoast-seo-meta-tag\" \/>\n<meta name=\"author\" content=\"Lary\" class=\"yoast-seo-meta-tag\" \/>\n<meta name=\"twitter:card\" content=\"summary_large_image\" class=\"yoast-seo-meta-tag\" \/>\n<meta name=\"twitter:label1\" content=\"\u00c9crit par\" class=\"yoast-seo-meta-tag\" \/>\n\t<meta name=\"twitter:data1\" content=\"Lary\" class=\"yoast-seo-meta-tag\" \/>\n\t<meta name=\"twitter:label2\" content=\"Dur\u00e9e de lecture estim\u00e9e\" class=\"yoast-seo-meta-tag\" \/>\n\t<meta name=\"twitter:data2\" content=\"4 minutes\" class=\"yoast-seo-meta-tag\" \/>\n<script type=\"application\/ld+json\" class=\"yoast-schema-graph\">{\"@context\":\"https:\/\/schema.org\",\"@graph\":[{\"@type\":\"Article\",\"@id\":\"https:\/\/bordeaux167.legtux.org\/wpress\/laquarelle-apres-une-carriere-dingenieur\/#article\",\"isPartOf\":{\"@id\":\"https:\/\/bordeaux167.legtux.org\/wpress\/laquarelle-apres-une-carriere-dingenieur\/\"},\"author\":{\"name\":\"Lary\",\"@id\":\"https:\/\/bordeaux167.legtux.org\/wpress\/#\/schema\/person\/86901b455ebbf49be4ddd79548fbfa58\"},\"headline\":\"L&rsquo;aquarelle apr\u00e8s une carri\u00e8re d&rsquo;ing\u00e9nieur\",\"datePublished\":\"2017-07-05T05:38:07+00:00\",\"dateModified\":\"2017-08-03T11:58:15+00:00\",\"mainEntityOfPage\":{\"@id\":\"https:\/\/bordeaux167.legtux.org\/wpress\/laquarelle-apres-une-carriere-dingenieur\/\"},\"wordCount\":808,\"publisher\":{\"@id\":\"https:\/\/bordeaux167.legtux.org\/wpress\/#organization\"},\"image\":{\"@id\":\"https:\/\/bordeaux167.legtux.org\/wpress\/laquarelle-apres-une-carriere-dingenieur\/#primaryimage\"},\"thumbnailUrl\":\"https:\/\/bordeaux167.legtux.org\/wpress\/wp-content\/uploads\/2017\/07\/quillacq7.jpg\",\"articleSection\":[\"Publications\"],\"inLanguage\":\"fr-FR\"},{\"@type\":\"WebPage\",\"@id\":\"https:\/\/bordeaux167.legtux.org\/wpress\/laquarelle-apres-une-carriere-dingenieur\/\",\"url\":\"https:\/\/bordeaux167.legtux.org\/wpress\/laquarelle-apres-une-carriere-dingenieur\/\",\"name\":\"L'aquarelle apr\u00e8s une carri\u00e8re d'ing\u00e9nieur - Bordeaux 167\",\"isPartOf\":{\"@id\":\"https:\/\/bordeaux167.legtux.org\/wpress\/#website\"},\"primaryImageOfPage\":{\"@id\":\"https:\/\/bordeaux167.legtux.org\/wpress\/laquarelle-apres-une-carriere-dingenieur\/#primaryimage\"},\"image\":{\"@id\":\"https:\/\/bordeaux167.legtux.org\/wpress\/laquarelle-apres-une-carriere-dingenieur\/#primaryimage\"},\"thumbnailUrl\":\"https:\/\/bordeaux167.legtux.org\/wpress\/wp-content\/uploads\/2017\/07\/quillacq7.jpg\",\"datePublished\":\"2017-07-05T05:38:07+00:00\",\"dateModified\":\"2017-08-03T11:58:15+00:00\",\"breadcrumb\":{\"@id\":\"https:\/\/bordeaux167.legtux.org\/wpress\/laquarelle-apres-une-carriere-dingenieur\/#breadcrumb\"},\"inLanguage\":\"fr-FR\",\"potentialAction\":[{\"@type\":\"ReadAction\",\"target\":[\"https:\/\/bordeaux167.legtux.org\/wpress\/laquarelle-apres-une-carriere-dingenieur\/\"]}]},{\"@type\":\"ImageObject\",\"inLanguage\":\"fr-FR\",\"@id\":\"https:\/\/bordeaux167.legtux.org\/wpress\/laquarelle-apres-une-carriere-dingenieur\/#primaryimage\",\"url\":\"https:\/\/bordeaux167.legtux.org\/wpress\/wp-content\/uploads\/2017\/07\/quillacq7.jpg\",\"contentUrl\":\"https:\/\/bordeaux167.legtux.org\/wpress\/wp-content\/uploads\/2017\/07\/quillacq7.jpg\",\"width\":1000,\"height\":500},{\"@type\":\"BreadcrumbList\",\"@id\":\"https:\/\/bordeaux167.legtux.org\/wpress\/laquarelle-apres-une-carriere-dingenieur\/#breadcrumb\",\"itemListElement\":[{\"@type\":\"ListItem\",\"position\":1,\"name\":\"Accueil\",\"item\":\"https:\/\/bordeaux167.legtux.org\/wpress\/\"},{\"@type\":\"ListItem\",\"position\":2,\"name\":\"L&rsquo;aquarelle apr\u00e8s une carri\u00e8re d&rsquo;ing\u00e9nieur\"}]},{\"@type\":\"WebSite\",\"@id\":\"https:\/\/bordeaux167.legtux.org\/wpress\/#website\",\"url\":\"https:\/\/bordeaux167.legtux.org\/wpress\/\",\"name\":\"Bordeaux 167\",\"description\":\"Vive la Bordeaux 167\",\"publisher\":{\"@id\":\"https:\/\/bordeaux167.legtux.org\/wpress\/#organization\"},\"potentialAction\":[{\"@type\":\"SearchAction\",\"target\":{\"@type\":\"EntryPoint\",\"urlTemplate\":\"https:\/\/bordeaux167.legtux.org\/wpress\/?s={search_term_string}\"},\"query-input\":{\"@type\":\"PropertyValueSpecification\",\"valueRequired\":true,\"valueName\":\"search_term_string\"}}],\"inLanguage\":\"fr-FR\"},{\"@type\":\"Organization\",\"@id\":\"https:\/\/bordeaux167.legtux.org\/wpress\/#organization\",\"name\":\"promotion Bordeaux 167\",\"url\":\"https:\/\/bordeaux167.legtux.org\/wpress\/\",\"logo\":{\"@type\":\"ImageObject\",\"inLanguage\":\"fr-FR\",\"@id\":\"https:\/\/bordeaux167.legtux.org\/wpress\/#\/schema\/logo\/image\/\",\"url\":\"http:\/\/bordeaux167.legtux.org\/wpress\/wp-content\/uploads\/2017\/07\/logo_200x80.jpg\",\"contentUrl\":\"http:\/\/bordeaux167.legtux.org\/wpress\/wp-content\/uploads\/2017\/07\/logo_200x80.jpg\",\"width\":200,\"height\":80,\"caption\":\"promotion Bordeaux 167\"},\"image\":{\"@id\":\"https:\/\/bordeaux167.legtux.org\/wpress\/#\/schema\/logo\/image\/\"}},{\"@type\":\"Person\",\"@id\":\"https:\/\/bordeaux167.legtux.org\/wpress\/#\/schema\/person\/86901b455ebbf49be4ddd79548fbfa58\",\"name\":\"Lary\",\"image\":{\"@type\":\"ImageObject\",\"inLanguage\":\"fr-FR\",\"@id\":\"https:\/\/bordeaux167.legtux.org\/wpress\/#\/schema\/person\/image\/\",\"url\":\"https:\/\/secure.gravatar.com\/avatar\/26ee40a55b9c5ba08ecaab5310b661e8836b995d2e55a6f2c65549a73f54a9b1?s=96&d=mm&r=g\",\"contentUrl\":\"https:\/\/secure.gravatar.com\/avatar\/26ee40a55b9c5ba08ecaab5310b661e8836b995d2e55a6f2c65549a73f54a9b1?s=96&d=mm&r=g\",\"caption\":\"Lary\"},\"sameAs\":[\"http:\/\/bordeaux167.legtux.org\/wpress\"],\"url\":\"https:\/\/bordeaux167.legtux.org\/wpress\/author\/bordeaux167\/\"}]}<\/script>\n<!-- \/ Yoast SEO plugin. -->","yoast_head_json":{"title":"L'aquarelle apr\u00e8s une carri\u00e8re d'ing\u00e9nieur - Bordeaux 167","robots":{"index":"index","follow":"follow","max-snippet":"max-snippet:-1","max-image-preview":"max-image-preview:large","max-video-preview":"max-video-preview:-1"},"canonical":"https:\/\/bordeaux167.legtux.org\/wpress\/laquarelle-apres-une-carriere-dingenieur\/","og_locale":"fr_FR","og_type":"article","og_title":"L'aquarelle apr\u00e8s une carri\u00e8re d'ing\u00e9nieur - Bordeaux 167","og_description":"Ma carri\u00e8re d\u2019ing\u00e9nieur dans le b\u00e2timent, s\u2019est termin\u00e9e fin 2010 avec l\u2019acc\u00e8s \u00e0 retraite et Lire la suite","og_url":"https:\/\/bordeaux167.legtux.org\/wpress\/laquarelle-apres-une-carriere-dingenieur\/","og_site_name":"Bordeaux 167","article_published_time":"2017-07-05T05:38:07+00:00","article_modified_time":"2017-08-03T11:58:15+00:00","og_image":[{"width":1000,"height":500,"url":"https:\/\/bordeaux167.legtux.org\/wpress\/wp-content\/uploads\/2017\/07\/quillacq7.jpg","type":"image\/jpeg"}],"author":"Lary","twitter_card":"summary_large_image","twitter_misc":{"\u00c9crit par":"Lary","Dur\u00e9e de lecture estim\u00e9e":"4 minutes"},"schema":{"@context":"https:\/\/schema.org","@graph":[{"@type":"Article","@id":"https:\/\/bordeaux167.legtux.org\/wpress\/laquarelle-apres-une-carriere-dingenieur\/#article","isPartOf":{"@id":"https:\/\/bordeaux167.legtux.org\/wpress\/laquarelle-apres-une-carriere-dingenieur\/"},"author":{"name":"Lary","@id":"https:\/\/bordeaux167.legtux.org\/wpress\/#\/schema\/person\/86901b455ebbf49be4ddd79548fbfa58"},"headline":"L&rsquo;aquarelle apr\u00e8s une carri\u00e8re d&rsquo;ing\u00e9nieur","datePublished":"2017-07-05T05:38:07+00:00","dateModified":"2017-08-03T11:58:15+00:00","mainEntityOfPage":{"@id":"https:\/\/bordeaux167.legtux.org\/wpress\/laquarelle-apres-une-carriere-dingenieur\/"},"wordCount":808,"publisher":{"@id":"https:\/\/bordeaux167.legtux.org\/wpress\/#organization"},"image":{"@id":"https:\/\/bordeaux167.legtux.org\/wpress\/laquarelle-apres-une-carriere-dingenieur\/#primaryimage"},"thumbnailUrl":"https:\/\/bordeaux167.legtux.org\/wpress\/wp-content\/uploads\/2017\/07\/quillacq7.jpg","articleSection":["Publications"],"inLanguage":"fr-FR"},{"@type":"WebPage","@id":"https:\/\/bordeaux167.legtux.org\/wpress\/laquarelle-apres-une-carriere-dingenieur\/","url":"https:\/\/bordeaux167.legtux.org\/wpress\/laquarelle-apres-une-carriere-dingenieur\/","name":"L'aquarelle apr\u00e8s une carri\u00e8re d'ing\u00e9nieur - Bordeaux 167","isPartOf":{"@id":"https:\/\/bordeaux167.legtux.org\/wpress\/#website"},"primaryImageOfPage":{"@id":"https:\/\/bordeaux167.legtux.org\/wpress\/laquarelle-apres-une-carriere-dingenieur\/#primaryimage"},"image":{"@id":"https:\/\/bordeaux167.legtux.org\/wpress\/laquarelle-apres-une-carriere-dingenieur\/#primaryimage"},"thumbnailUrl":"https:\/\/bordeaux167.legtux.org\/wpress\/wp-content\/uploads\/2017\/07\/quillacq7.jpg","datePublished":"2017-07-05T05:38:07+00:00","dateModified":"2017-08-03T11:58:15+00:00","breadcrumb":{"@id":"https:\/\/bordeaux167.legtux.org\/wpress\/laquarelle-apres-une-carriere-dingenieur\/#breadcrumb"},"inLanguage":"fr-FR","potentialAction":[{"@type":"ReadAction","target":["https:\/\/bordeaux167.legtux.org\/wpress\/laquarelle-apres-une-carriere-dingenieur\/"]}]},{"@type":"ImageObject","inLanguage":"fr-FR","@id":"https:\/\/bordeaux167.legtux.org\/wpress\/laquarelle-apres-une-carriere-dingenieur\/#primaryimage","url":"https:\/\/bordeaux167.legtux.org\/wpress\/wp-content\/uploads\/2017\/07\/quillacq7.jpg","contentUrl":"https:\/\/bordeaux167.legtux.org\/wpress\/wp-content\/uploads\/2017\/07\/quillacq7.jpg","width":1000,"height":500},{"@type":"BreadcrumbList","@id":"https:\/\/bordeaux167.legtux.org\/wpress\/laquarelle-apres-une-carriere-dingenieur\/#breadcrumb","itemListElement":[{"@type":"ListItem","position":1,"name":"Accueil","item":"https:\/\/bordeaux167.legtux.org\/wpress\/"},{"@type":"ListItem","position":2,"name":"L&rsquo;aquarelle apr\u00e8s une carri\u00e8re d&rsquo;ing\u00e9nieur"}]},{"@type":"WebSite","@id":"https:\/\/bordeaux167.legtux.org\/wpress\/#website","url":"https:\/\/bordeaux167.legtux.org\/wpress\/","name":"Bordeaux 167","description":"Vive la Bordeaux 167","publisher":{"@id":"https:\/\/bordeaux167.legtux.org\/wpress\/#organization"},"potentialAction":[{"@type":"SearchAction","target":{"@type":"EntryPoint","urlTemplate":"https:\/\/bordeaux167.legtux.org\/wpress\/?s={search_term_string}"},"query-input":{"@type":"PropertyValueSpecification","valueRequired":true,"valueName":"search_term_string"}}],"inLanguage":"fr-FR"},{"@type":"Organization","@id":"https:\/\/bordeaux167.legtux.org\/wpress\/#organization","name":"promotion Bordeaux 167","url":"https:\/\/bordeaux167.legtux.org\/wpress\/","logo":{"@type":"ImageObject","inLanguage":"fr-FR","@id":"https:\/\/bordeaux167.legtux.org\/wpress\/#\/schema\/logo\/image\/","url":"http:\/\/bordeaux167.legtux.org\/wpress\/wp-content\/uploads\/2017\/07\/logo_200x80.jpg","contentUrl":"http:\/\/bordeaux167.legtux.org\/wpress\/wp-content\/uploads\/2017\/07\/logo_200x80.jpg","width":200,"height":80,"caption":"promotion Bordeaux 167"},"image":{"@id":"https:\/\/bordeaux167.legtux.org\/wpress\/#\/schema\/logo\/image\/"}},{"@type":"Person","@id":"https:\/\/bordeaux167.legtux.org\/wpress\/#\/schema\/person\/86901b455ebbf49be4ddd79548fbfa58","name":"Lary","image":{"@type":"ImageObject","inLanguage":"fr-FR","@id":"https:\/\/bordeaux167.legtux.org\/wpress\/#\/schema\/person\/image\/","url":"https:\/\/secure.gravatar.com\/avatar\/26ee40a55b9c5ba08ecaab5310b661e8836b995d2e55a6f2c65549a73f54a9b1?s=96&d=mm&r=g","contentUrl":"https:\/\/secure.gravatar.com\/avatar\/26ee40a55b9c5ba08ecaab5310b661e8836b995d2e55a6f2c65549a73f54a9b1?s=96&d=mm&r=g","caption":"Lary"},"sameAs":["http:\/\/bordeaux167.legtux.org\/wpress"],"url":"https:\/\/bordeaux167.legtux.org\/wpress\/author\/bordeaux167\/"}]}},"_links":{"self":[{"href":"https:\/\/bordeaux167.legtux.org\/wpress\/wp-json\/wp\/v2\/posts\/449","targetHints":{"allow":["GET"]}}],"collection":[{"href":"https:\/\/bordeaux167.legtux.org\/wpress\/wp-json\/wp\/v2\/posts"}],"about":[{"href":"https:\/\/bordeaux167.legtux.org\/wpress\/wp-json\/wp\/v2\/types\/post"}],"author":[{"embeddable":true,"href":"https:\/\/bordeaux167.legtux.org\/wpress\/wp-json\/wp\/v2\/users\/1"}],"replies":[{"embeddable":true,"href":"https:\/\/bordeaux167.legtux.org\/wpress\/wp-json\/wp\/v2\/comments?post=449"}],"version-history":[{"count":0,"href":"https:\/\/bordeaux167.legtux.org\/wpress\/wp-json\/wp\/v2\/posts\/449\/revisions"}],"wp:featuredmedia":[{"embeddable":true,"href":"https:\/\/bordeaux167.legtux.org\/wpress\/wp-json\/wp\/v2\/media\/459"}],"wp:attachment":[{"href":"https:\/\/bordeaux167.legtux.org\/wpress\/wp-json\/wp\/v2\/media?parent=449"}],"wp:term":[{"taxonomy":"category","embeddable":true,"href":"https:\/\/bordeaux167.legtux.org\/wpress\/wp-json\/wp\/v2\/categories?post=449"},{"taxonomy":"post_tag","embeddable":true,"href":"https:\/\/bordeaux167.legtux.org\/wpress\/wp-json\/wp\/v2\/tags?post=449"}],"curies":[{"name":"wp","href":"https:\/\/api.w.org\/{rel}","templated":true}]}}