{"id":392,"date":"2017-07-04T10:28:34","date_gmt":"2017-07-04T08:28:34","guid":{"rendered":"http:\/\/bordeaux167.legtux.org\/wpress\/?p=392"},"modified":"2017-07-04T23:04:08","modified_gmt":"2017-07-04T21:04:08","slug":"ferrari-histoire-du-cheval-cabre","status":"publish","type":"post","link":"https:\/\/bordeaux167.legtux.org\/wpress\/ferrari-histoire-du-cheval-cabre\/","title":{"rendered":"Ferrari, histoire du cheval cabr\u00e9"},"content":{"rendered":"<p><img loading=\"lazy\" decoding=\"async\" class=\"size-full wp-image-402 alignleft\" src=\"https:\/\/bordeaux167.legtux.org\/wpress\/wp-content\/uploads\/2017\/07\/p1.jpg\" alt=\"\" width=\"134\" height=\"200\" \/>L\u2019histoire du Cheval Cabr\u00e9, embl\u00e8me mondialement connu de Ferrari, remonte aux ann\u00e9es 1900 avec Francesco BARACCA, n\u00e9 le 9 Mai 1888 \u00e0 Lugo di Romagna, une petite bourgade d\u2019Emilie-Romagne en Italie. Apr\u00e8s des \u00e9tudes brillantes \u00e0 Florence, Francesco Baracca rejoint en 1909 le 2i\u00e8me R\u00e9giment de cavalerie \u00abPiemonte Reale\u00bb qui f\u00fbt cr\u00e9\u00e9 en 1692 par le Duc de Savoie. Au sein de l\u2019arm\u00e9e Italienne ce r\u00e9giment \u00e9tait l\u2019un des plus prestigieux et son embl\u00e8me \u00e9tait le Cheval Cabr\u00e9 argent\u00e9 (Cavallino Rampante ou Prancing Horse) regardant vers la gauche, sur un fond rouge et avec la queue pointant vers le bas.<\/p>\n<p><a href=\"https:\/\/bordeaux167.legtux.org\/wpress\/wp-content\/uploads\/2017\/07\/p21.bmp\"><img loading=\"lazy\" decoding=\"async\" class=\"size-full wp-image-397 alignright\" src=\"https:\/\/bordeaux167.legtux.org\/wpress\/wp-content\/uploads\/2017\/07\/p21.bmp\" alt=\"\" width=\"200\" height=\"133\" \/><\/a>Francesco Baracca choisit d\u2019adopter l\u2019embl\u00e8me du r\u00e9giment \u201cCavalerie Pi\u00e9montaise\u201d en y apportant quelques retouches (il deviendra noir) pour en faire son embl\u00e8me personnel en l\u2019honneur de ses origines militaires et de sa passion pour les chevaux. En 1912 Francesco demande \u00e0 \u00eatre affect\u00e9 \u00e0 une nouvelle division de l\u2019Arm\u00e9e et il est envoy\u00e9 en France pour apprendre \u00e0 piloter et il re\u00e7oit son brevet de pilote N\u00b01037. A son retour en Italie, il gagne rapidement la r\u00e9putation d\u2019un as du pilotage et lorsque l\u2019Italie d\u00e9clare la guerre \u00e0 l\u2019Autriche, il repart pour la France pour piloter le nouveau chasseur Nieuport 17.<\/p>\n<p><img loading=\"lazy\" decoding=\"async\" class=\"size-full wp-image-403 alignleft\" src=\"https:\/\/bordeaux167.legtux.org\/wpress\/wp-content\/uploads\/2017\/07\/p41.jpg\" alt=\"\" width=\"280\" height=\"200\" srcset=\"https:\/\/bordeaux167.legtux.org\/wpress\/wp-content\/uploads\/2017\/07\/p41.jpg 280w, https:\/\/bordeaux167.legtux.org\/wpress\/wp-content\/uploads\/2017\/07\/p41-200x143.jpg 200w\" sizes=\"auto, (max-width: 280px) 100vw, 280px\" \/>L&#8217;embl\u00e8me \u201cCavallino\u201d n\u2019appara\u00eet pas imm\u00e9diatement sur la carlingue des avions de chasse pilot\u00e9s par l\u2019As des As et il faudra attendre 1917 lorsque la 91i\u00e8me escadre sera cr\u00e9\u00e9e avec les derniers chasseurs les Nieuport 17 et quelques SPAD VII et XIII.<\/p>\n<p>Les pilotes avaient l\u2019habitude de peindre leurs embl\u00e8mes personnels sur le flanc gauche de leur avion et Baracca choisit naturellement le Cheval Cabr\u00e9 noir, afin d\u2019obtenir un meilleur contraste avec la couleur du fuselage.<\/p>\n<p>Francesco Baracca meurt au combat le 19 Juin 1918 apr\u00e8s avoir particip\u00e9 \u00e0 63 combats a<img loading=\"lazy\" decoding=\"async\" class=\"size-medium wp-image-404 alignright\" src=\"https:\/\/bordeaux167.legtux.org\/wpress\/wp-content\/uploads\/2017\/07\/p3-300x195.jpg\" alt=\"\" width=\"300\" height=\"195\" srcset=\"https:\/\/bordeaux167.legtux.org\/wpress\/wp-content\/uploads\/2017\/07\/p3-300x195.jpg 300w, https:\/\/bordeaux167.legtux.org\/wpress\/wp-content\/uploads\/2017\/07\/p3-200x130.jpg 200w, https:\/\/bordeaux167.legtux.org\/wpress\/wp-content\/uploads\/2017\/07\/p3.jpg 308w\" sizes=\"auto, (max-width: 300px) 100vw, 300px\" \/>\u00e9riens et abattu 34 appareils ennemis.<\/p>\n<p>Pendant ce temps, Enzo Ferrari conduisait une Alfa Rom\u00e9o RL-Targa Florio avec Giulio Ramponi comme \u00e9quipier, et gagna la premi\u00e8re Savio Circuit \u00e0 Ravenne le 16 Juin 1923 et \u00e0 cette occasion il rencontra le Comte Enrico Baracca, p\u00e8re de Francesco. Enzo Ferrari raconte dans une lettre \u00e9crite le 3 Juillet 1985 \u00e0 l\u2019historien Giovanni Manzoni, qu\u2019il y eut une autre rencontre, cette fois ci avec la Comtesse Paolina Biancoli, m\u00e8re de Francesco:<\/p>\n<p>\u00ab Voici ce qu\u2019elle m\u2019a dit un jour: Ferrari, mets le Cheval Cabr\u00e9 de mon fils sur tes voitures de courses, il te portera chance (\u2026) J\u2019ai encore la photo de Francesco avec la d\u00e9dicace de ses parents en train de me remettre l\u2019embl\u00e8me. Le Cheval \u00e9tait et est rest\u00e9 de couleur noire, mais j\u2019ai ajout\u00e9 la couleur jaune canari pour le fond car c\u2019est la couleur de la ville de Mod\u00e8ne\u00bb<\/p>\n<p>Selon certains t\u00e9moignages, le choix d\u2019Enzo Ferrari fut guid\u00e9 par un po\u00e8me d\u2019amour de Giovanni Pascoli, \u201cLa Cavallina Storna\u201d, et par sa grande admiration pour Francesco Baracca lorsqu\u2019il \u00e9tait adolescent.<img loading=\"lazy\" decoding=\"async\" class=\"size-medium wp-image-405 alignright\" src=\"https:\/\/bordeaux167.legtux.org\/wpress\/wp-content\/uploads\/2017\/07\/p5-300x144.jpg\" alt=\"\" width=\"300\" height=\"144\" srcset=\"https:\/\/bordeaux167.legtux.org\/wpress\/wp-content\/uploads\/2017\/07\/p5-300x144.jpg 300w, https:\/\/bordeaux167.legtux.org\/wpress\/wp-content\/uploads\/2017\/07\/p5-200x96.jpg 200w, https:\/\/bordeaux167.legtux.org\/wpress\/wp-content\/uploads\/2017\/07\/p5.jpg 416w\" sizes=\"auto, (max-width: 300px) 100vw, 300px\" \/><\/p>\n<p>Apr\u00e8s une interruption de 3 ans entre 1924 et 1927, Enzo Ferrari reprend la course automobile, mais avec des r\u00e9sultats moins prestigieux, car de nouveaux champions sont apparus. Peu apr\u00e8s il d\u00e9cidera, de mani\u00e8re irr\u00e9vocable, de mettre un terme \u00e0 sa carri\u00e8re de pilote de course automobile. Enzo Ferrari terminera sa carri\u00e8re de pilote de course au sein de la firme Alfa-Rom\u00e9o, mais il continuera en tant que directeur sportif Alfa Corse jusqu\u2019en 1939.<\/p>\n<p>Cependant, c\u2019est en 1929, toujours avec Alfa-Rom\u00e9o, que Enzo Ferrari cr\u00e9e sa propre \u00e9curie de courses la Scuderia Ferrari en prenant le Cheval Cabr\u00e9 comme embl\u00e8me. Celui-ci est appos\u00e9 officiellement sur toutes les publications et les documents de la soci\u00e9t\u00e9, mais pas encore sur les voitures. Il faudra attendre le 10 Juillet 1932 pour que le Cavallino apparaisse sur une Alfa-Rom\u00e9o lors des 24 Heures de Spa-Francorchamps en Belgique. Le Cheval Cabr\u00e9 lui a r\u00e9ellement port\u00e9 chance puisque cette course a \u00e9t\u00e9 remport\u00e9e par Taruffi et D\u2019Ippolito.<\/p>\n<p><img loading=\"lazy\" decoding=\"async\" class=\"alignnone wp-image-408 \" src=\"https:\/\/bordeaux167.legtux.org\/wpress\/wp-content\/uploads\/2017\/07\/p6-1.jpg\" alt=\"\" width=\"997\" height=\"218\" srcset=\"https:\/\/bordeaux167.legtux.org\/wpress\/wp-content\/uploads\/2017\/07\/p6-1.jpg 1372w, https:\/\/bordeaux167.legtux.org\/wpress\/wp-content\/uploads\/2017\/07\/p6-1-300x66.jpg 300w, https:\/\/bordeaux167.legtux.org\/wpress\/wp-content\/uploads\/2017\/07\/p6-1-768x168.jpg 768w, https:\/\/bordeaux167.legtux.org\/wpress\/wp-content\/uploads\/2017\/07\/p6-1-1024x224.jpg 1024w, https:\/\/bordeaux167.legtux.org\/wpress\/wp-content\/uploads\/2017\/07\/p6-1-200x44.jpg 200w, https:\/\/bordeaux167.legtux.org\/wpress\/wp-content\/uploads\/2017\/07\/p6-1-690x151.jpg 690w\" sizes=\"auto, (max-width: 997px) 100vw, 997px\" \/><\/p>\n<p><img loading=\"lazy\" decoding=\"async\" class=\"alignleft wp-image-412\" src=\"https:\/\/bordeaux167.legtux.org\/wpress\/wp-content\/uploads\/2017\/07\/p7-300x197.jpg\" alt=\"\" width=\"229\" height=\"150\" srcset=\"https:\/\/bordeaux167.legtux.org\/wpress\/wp-content\/uploads\/2017\/07\/p7-300x197.jpg 300w, https:\/\/bordeaux167.legtux.org\/wpress\/wp-content\/uploads\/2017\/07\/p7-200x131.jpg 200w, https:\/\/bordeaux167.legtux.org\/wpress\/wp-content\/uploads\/2017\/07\/p7.jpg 305w\" sizes=\"auto, (max-width: 229px) 100vw, 229px\" \/>Depuis 1917, jusqu\u2019\u00e0 aujourd\u2019hui, le Cavallino a subi plusieurs modifications. La queue a \u00e9t\u00e9 redress\u00e9e, le corps a \u00e9t\u00e9 allong\u00e9 pour davantage de dynamisme. La naissance de la soci\u00e9t\u00e9 FERRARI en 1947, implique la cr\u00e9ation d\u2019un nouveau logo, rectangulaire cette fois, qui appara\u00eetra sur toutes les voitures construites \u00e0 Maranello. La premi\u00e8re voiture \u00e0 porter ce nouveau Cavallino f\u00fbt la 125 S pilot\u00e9e par Franco Cortese sur le circuit de Plaisance le 11 Mai 1947. Il est rest\u00e9 inchang\u00e9 jusqu\u2019en 1950.<\/p>\n<p>&nbsp;<\/p>\n<p>&nbsp;<\/p>\n<p><img loading=\"lazy\" decoding=\"async\" class=\"size-full wp-image-413 alignright\" src=\"https:\/\/bordeaux167.legtux.org\/wpress\/wp-content\/uploads\/2017\/07\/p8.jpg\" alt=\"\" width=\"139\" height=\"200\" \/>La derni\u00e8re modification date de 2002. L&rsquo;identit\u00e9 de Ferrari a \u00e9t\u00e9 mise \u00e0 jour avec quelques petites mais fondamentales retouches. Un des changements principaux \u00e9tait l&rsquo;all\u00e9gement\u00a0\u00bb du logo rectangulaire avec un lettrage plus mince et un \u00ab\u00a0F\u00a0\u00bb rallong\u00e9. Le point sur le \u00abi\u00bb a \u00e9t\u00e9 rendu rectangulaire et les lettres ont \u00e9t\u00e9 espac\u00e9es et retouch\u00e9es pour obtenir le meilleur \u00e9quilibre. M\u00eame le Cheval Cabr\u00e9 a \u00e9t\u00e9 chang\u00e9: le sabot est maintenant \u00e0 plat sur le sol et les naseaux ont \u00e9t\u00e9 l\u00e9g\u00e8rement rallong\u00e9s, tout comme la patte arri\u00e8re et qui est maintenant plus horizontale. La crini\u00e8re a \u00e9t\u00e9 simplifi\u00e9e et les flashes de lumi\u00e8re blanche sur le corps ont \u00e9t\u00e9 r\u00e9duits. Ces changements font que le Cheval Cabr\u00e9 semble plus droit, plus fort et plus dynamique. L\u2019angle entre l\u2019horizontale et la ligne des sabots est maintenant de 58\u00b0.<\/p>\n<p>&nbsp;<\/p>\n<p>&nbsp;<\/p>\n<p><img loading=\"lazy\" decoding=\"async\" class=\"size-full wp-image-414 alignleft\" src=\"https:\/\/bordeaux167.legtux.org\/wpress\/wp-content\/uploads\/2017\/07\/p9.jpg\" alt=\"\" width=\"100\" height=\"140\" \/><img loading=\"lazy\" decoding=\"async\" class=\"size-full wp-image-415 alignright\" src=\"https:\/\/bordeaux167.legtux.org\/wpress\/wp-content\/uploads\/2017\/07\/p10.jpg\" alt=\"\" width=\"130\" height=\"140\" \/>L\u2019\u00e9cusson SF (pour Scud\u00e9ria Ferrari) a \u00e9t\u00e9 conserv\u00e9 sur les ailes avant de toutes les voitures de comp\u00e9tition et peut \u00eatre ajout\u00e9 en option sur les voitures de Grand Tourisme. Bien entendu ce logo est prot\u00e9g\u00e9 par des copyright et ne peut \u00eatre utilis\u00e9 sans l\u2019accord \u00e9crit de Ferrari. Ainsi notre club Scud\u00e9ria Passion qui couvre le grand ouest de la France a choisi d\u2019utiliser l\u2019hermine de Bretagne \u00e0 la place du Cheval Cabr\u00e9.<\/p>\n<p>&nbsp;<\/p>\n<p>&nbsp;<\/p>\n<h4><strong>Mathus, novembre 2015<\/strong><\/h4>\n<p><img loading=\"lazy\" decoding=\"async\" class=\"alignright wp-image-418\" src=\"https:\/\/bordeaux167.legtux.org\/wpress\/wp-content\/uploads\/2017\/07\/F355-F575Mr-300x200.jpg\" alt=\"\" width=\"600\" height=\"400\" srcset=\"https:\/\/bordeaux167.legtux.org\/wpress\/wp-content\/uploads\/2017\/07\/F355-F575Mr-300x200.jpg 300w, https:\/\/bordeaux167.legtux.org\/wpress\/wp-content\/uploads\/2017\/07\/F355-F575Mr-768x512.jpg 768w, https:\/\/bordeaux167.legtux.org\/wpress\/wp-content\/uploads\/2017\/07\/F355-F575Mr-200x133.jpg 200w, https:\/\/bordeaux167.legtux.org\/wpress\/wp-content\/uploads\/2017\/07\/F355-F575Mr-690x460.jpg 690w, https:\/\/bordeaux167.legtux.org\/wpress\/wp-content\/uploads\/2017\/07\/F355-F575Mr-272x182.jpg 272w, https:\/\/bordeaux167.legtux.org\/wpress\/wp-content\/uploads\/2017\/07\/F355-F575Mr.jpg 900w\" sizes=\"auto, (max-width: 600px) 100vw, 600px\" \/>Ci-dessous les 2\u00a0 Ferrari de <strong>Mathus<\/strong><\/p>\n<p>La rouge:\u00a0 F355 Berlinetta, 380 CV, V8 \u00e0 90\u00b0 \u00e0 l&rsquo;arri\u00e8re 3500 cm3 5 soupapes par cylindre<\/p>\n<p>Bo\u00eete de vitesses manuelle (la fameuse grille Ferrari)<\/p>\n<p>0 \u00e0 100 km\/h en 4,7 s, Vitesse maxi = 295 km\/h<\/p>\n<p>Voitures produites de 1994 \u00e0 1999 ==&gt; 11200<\/p>\n<p>La noire 575M Maranello, 515 CV, V12 \u00e0 60\u00b0 \u00e0 l&rsquo;avant 5750 cm3 4 soupapes par cylindre<\/p>\n<p>Bo\u00eete de vitesses s\u00e9quentielle (palettes au volant)<\/p>\n<p>0 \u00e0 100 km\/h en 4,2 s, Vitesse maxi = 325 km\/h<\/p>\n<p>Voitures produites de 2002 \u00e0 2006 ==&gt; 5600 (y compris 550 Maranello)<\/p>\n<p>&nbsp;<\/p>\n<p>&nbsp;<\/p>\n<p>et celle de <strong>B\u00e9bert:<\/strong><\/p>\n<p><img loading=\"lazy\" decoding=\"async\" class=\"alignright wp-image-419\" src=\"https:\/\/bordeaux167.legtux.org\/wpress\/wp-content\/uploads\/2017\/07\/col-de-Vars-01-300x200.jpg\" alt=\"\" width=\"600\" height=\"399\" srcset=\"https:\/\/bordeaux167.legtux.org\/wpress\/wp-content\/uploads\/2017\/07\/col-de-Vars-01-300x200.jpg 300w, https:\/\/bordeaux167.legtux.org\/wpress\/wp-content\/uploads\/2017\/07\/col-de-Vars-01-768x511.jpg 768w, https:\/\/bordeaux167.legtux.org\/wpress\/wp-content\/uploads\/2017\/07\/col-de-Vars-01-1024x682.jpg 1024w, https:\/\/bordeaux167.legtux.org\/wpress\/wp-content\/uploads\/2017\/07\/col-de-Vars-01-200x133.jpg 200w, https:\/\/bordeaux167.legtux.org\/wpress\/wp-content\/uploads\/2017\/07\/col-de-Vars-01-690x459.jpg 690w, https:\/\/bordeaux167.legtux.org\/wpress\/wp-content\/uploads\/2017\/07\/col-de-Vars-01-272x182.jpg 272w, https:\/\/bordeaux167.legtux.org\/wpress\/wp-content\/uploads\/2017\/07\/col-de-Vars-01.jpg 1794w\" sizes=\"auto, (max-width: 600px) 100vw, 600px\" \/>Mondiale T 4 places, 300CV, V8 \u00e0 90\u00b0 \u00e0 l&rsquo;arri\u00e8re 3400 cm3 4 soupapes par cylindre, de 1989.<\/p>\n<p>Bo\u00eete de vitesses manuelle\u200b en position Transversale (d&rsquo;o\u00f9 le \u00ab\u00a0t\u00a0\u00bb)\u200b, (la fameuse grille Ferrari)<\/p>\n<p>0 \u00e0 100 km\/h en \u200b6,3 s, Vitesse maxi = 2\u200b55 km\/h<\/p>\n<p>Voitures\u200b Mondial\u200b produite\u200bs\u200b de 19\u200b80 \u00e0 199\u200b3 ==&gt; \u200b6124 voitures Mondial dont \u200b1\u200b850 Mondial t uniquement<\/p>\n","protected":false},"excerpt":{"rendered":"<p>L\u2019histoire du Cheval Cabr\u00e9, embl\u00e8me mondialement connu de Ferrari, remonte aux ann\u00e9es 1900 avec Francesco <a class=\"read-more\" href=\"https:\/\/bordeaux167.legtux.org\/wpress\/ferrari-histoire-du-cheval-cabre\/\">Lire la suite<\/a><\/p>\n","protected":false},"author":1,"featured_media":393,"comment_status":"closed","ping_status":"open","sticky":false,"template":"","format":"standard","meta":{"footnotes":""},"categories":[5],"tags":[],"class_list":["post-392","post","type-post","status-publish","format-standard","has-post-thumbnail","hentry","category-publication","post-item clearfix"],"yoast_head":"<!-- This site is optimized with the Yoast SEO plugin v26.9 - https:\/\/yoast.com\/product\/yoast-seo-wordpress\/ -->\n<title>Ferrari, histoire du cheval cabr\u00e9 - Bordeaux 167<\/title>\n<meta name=\"robots\" content=\"index, follow, max-snippet:-1, max-image-preview:large, max-video-preview:-1\" \/>\n<link rel=\"canonical\" href=\"https:\/\/bordeaux167.legtux.org\/wpress\/ferrari-histoire-du-cheval-cabre\/\" class=\"yoast-seo-meta-tag\" \/>\n<meta property=\"og:locale\" content=\"fr_FR\" class=\"yoast-seo-meta-tag\" \/>\n<meta property=\"og:type\" content=\"article\" class=\"yoast-seo-meta-tag\" \/>\n<meta property=\"og:title\" content=\"Ferrari, histoire du cheval cabr\u00e9 - Bordeaux 167\" class=\"yoast-seo-meta-tag\" \/>\n<meta property=\"og:description\" content=\"L\u2019histoire du Cheval Cabr\u00e9, embl\u00e8me mondialement connu de Ferrari, remonte aux ann\u00e9es 1900 avec Francesco Lire la suite\" class=\"yoast-seo-meta-tag\" \/>\n<meta property=\"og:url\" content=\"https:\/\/bordeaux167.legtux.org\/wpress\/ferrari-histoire-du-cheval-cabre\/\" class=\"yoast-seo-meta-tag\" \/>\n<meta property=\"og:site_name\" content=\"Bordeaux 167\" class=\"yoast-seo-meta-tag\" \/>\n<meta property=\"article:published_time\" content=\"2017-07-04T08:28:34+00:00\" class=\"yoast-seo-meta-tag\" \/>\n<meta property=\"article:modified_time\" content=\"2017-07-04T21:04:08+00:00\" class=\"yoast-seo-meta-tag\" \/>\n<meta property=\"og:image\" content=\"https:\/\/bordeaux167.legtux.org\/wpress\/wp-content\/uploads\/2017\/07\/Ferrari-text-logo.jpg\" class=\"yoast-seo-meta-tag\" \/>\n\t<meta property=\"og:image:width\" content=\"1000\" class=\"yoast-seo-meta-tag\" \/>\n\t<meta property=\"og:image:height\" content=\"500\" class=\"yoast-seo-meta-tag\" \/>\n\t<meta property=\"og:image:type\" content=\"image\/jpeg\" class=\"yoast-seo-meta-tag\" \/>\n<meta name=\"author\" content=\"Lary\" class=\"yoast-seo-meta-tag\" \/>\n<meta name=\"twitter:card\" content=\"summary_large_image\" class=\"yoast-seo-meta-tag\" \/>\n<meta name=\"twitter:label1\" content=\"\u00c9crit par\" class=\"yoast-seo-meta-tag\" \/>\n\t<meta name=\"twitter:data1\" content=\"Lary\" class=\"yoast-seo-meta-tag\" \/>\n\t<meta name=\"twitter:label2\" content=\"Dur\u00e9e de lecture estim\u00e9e\" class=\"yoast-seo-meta-tag\" \/>\n\t<meta name=\"twitter:data2\" content=\"6 minutes\" class=\"yoast-seo-meta-tag\" \/>\n<script type=\"application\/ld+json\" class=\"yoast-schema-graph\">{\"@context\":\"https:\/\/schema.org\",\"@graph\":[{\"@type\":\"Article\",\"@id\":\"https:\/\/bordeaux167.legtux.org\/wpress\/ferrari-histoire-du-cheval-cabre\/#article\",\"isPartOf\":{\"@id\":\"https:\/\/bordeaux167.legtux.org\/wpress\/ferrari-histoire-du-cheval-cabre\/\"},\"author\":{\"name\":\"Lary\",\"@id\":\"https:\/\/bordeaux167.legtux.org\/wpress\/#\/schema\/person\/86901b455ebbf49be4ddd79548fbfa58\"},\"headline\":\"Ferrari, histoire du cheval cabr\u00e9\",\"datePublished\":\"2017-07-04T08:28:34+00:00\",\"dateModified\":\"2017-07-04T21:04:08+00:00\",\"mainEntityOfPage\":{\"@id\":\"https:\/\/bordeaux167.legtux.org\/wpress\/ferrari-histoire-du-cheval-cabre\/\"},\"wordCount\":1128,\"publisher\":{\"@id\":\"https:\/\/bordeaux167.legtux.org\/wpress\/#organization\"},\"image\":{\"@id\":\"https:\/\/bordeaux167.legtux.org\/wpress\/ferrari-histoire-du-cheval-cabre\/#primaryimage\"},\"thumbnailUrl\":\"https:\/\/bordeaux167.legtux.org\/wpress\/wp-content\/uploads\/2017\/07\/Ferrari-text-logo.jpg\",\"articleSection\":[\"Publications\"],\"inLanguage\":\"fr-FR\"},{\"@type\":\"WebPage\",\"@id\":\"https:\/\/bordeaux167.legtux.org\/wpress\/ferrari-histoire-du-cheval-cabre\/\",\"url\":\"https:\/\/bordeaux167.legtux.org\/wpress\/ferrari-histoire-du-cheval-cabre\/\",\"name\":\"Ferrari, histoire du cheval cabr\u00e9 - Bordeaux 167\",\"isPartOf\":{\"@id\":\"https:\/\/bordeaux167.legtux.org\/wpress\/#website\"},\"primaryImageOfPage\":{\"@id\":\"https:\/\/bordeaux167.legtux.org\/wpress\/ferrari-histoire-du-cheval-cabre\/#primaryimage\"},\"image\":{\"@id\":\"https:\/\/bordeaux167.legtux.org\/wpress\/ferrari-histoire-du-cheval-cabre\/#primaryimage\"},\"thumbnailUrl\":\"https:\/\/bordeaux167.legtux.org\/wpress\/wp-content\/uploads\/2017\/07\/Ferrari-text-logo.jpg\",\"datePublished\":\"2017-07-04T08:28:34+00:00\",\"dateModified\":\"2017-07-04T21:04:08+00:00\",\"breadcrumb\":{\"@id\":\"https:\/\/bordeaux167.legtux.org\/wpress\/ferrari-histoire-du-cheval-cabre\/#breadcrumb\"},\"inLanguage\":\"fr-FR\",\"potentialAction\":[{\"@type\":\"ReadAction\",\"target\":[\"https:\/\/bordeaux167.legtux.org\/wpress\/ferrari-histoire-du-cheval-cabre\/\"]}]},{\"@type\":\"ImageObject\",\"inLanguage\":\"fr-FR\",\"@id\":\"https:\/\/bordeaux167.legtux.org\/wpress\/ferrari-histoire-du-cheval-cabre\/#primaryimage\",\"url\":\"https:\/\/bordeaux167.legtux.org\/wpress\/wp-content\/uploads\/2017\/07\/Ferrari-text-logo.jpg\",\"contentUrl\":\"https:\/\/bordeaux167.legtux.org\/wpress\/wp-content\/uploads\/2017\/07\/Ferrari-text-logo.jpg\",\"width\":1000,\"height\":500},{\"@type\":\"BreadcrumbList\",\"@id\":\"https:\/\/bordeaux167.legtux.org\/wpress\/ferrari-histoire-du-cheval-cabre\/#breadcrumb\",\"itemListElement\":[{\"@type\":\"ListItem\",\"position\":1,\"name\":\"Accueil\",\"item\":\"https:\/\/bordeaux167.legtux.org\/wpress\/\"},{\"@type\":\"ListItem\",\"position\":2,\"name\":\"Ferrari, histoire du cheval cabr\u00e9\"}]},{\"@type\":\"WebSite\",\"@id\":\"https:\/\/bordeaux167.legtux.org\/wpress\/#website\",\"url\":\"https:\/\/bordeaux167.legtux.org\/wpress\/\",\"name\":\"Bordeaux 167\",\"description\":\"Vive la Bordeaux 167\",\"publisher\":{\"@id\":\"https:\/\/bordeaux167.legtux.org\/wpress\/#organization\"},\"potentialAction\":[{\"@type\":\"SearchAction\",\"target\":{\"@type\":\"EntryPoint\",\"urlTemplate\":\"https:\/\/bordeaux167.legtux.org\/wpress\/?s={search_term_string}\"},\"query-input\":{\"@type\":\"PropertyValueSpecification\",\"valueRequired\":true,\"valueName\":\"search_term_string\"}}],\"inLanguage\":\"fr-FR\"},{\"@type\":\"Organization\",\"@id\":\"https:\/\/bordeaux167.legtux.org\/wpress\/#organization\",\"name\":\"promotion Bordeaux 167\",\"url\":\"https:\/\/bordeaux167.legtux.org\/wpress\/\",\"logo\":{\"@type\":\"ImageObject\",\"inLanguage\":\"fr-FR\",\"@id\":\"https:\/\/bordeaux167.legtux.org\/wpress\/#\/schema\/logo\/image\/\",\"url\":\"http:\/\/bordeaux167.legtux.org\/wpress\/wp-content\/uploads\/2017\/07\/logo_200x80.jpg\",\"contentUrl\":\"http:\/\/bordeaux167.legtux.org\/wpress\/wp-content\/uploads\/2017\/07\/logo_200x80.jpg\",\"width\":200,\"height\":80,\"caption\":\"promotion Bordeaux 167\"},\"image\":{\"@id\":\"https:\/\/bordeaux167.legtux.org\/wpress\/#\/schema\/logo\/image\/\"}},{\"@type\":\"Person\",\"@id\":\"https:\/\/bordeaux167.legtux.org\/wpress\/#\/schema\/person\/86901b455ebbf49be4ddd79548fbfa58\",\"name\":\"Lary\",\"image\":{\"@type\":\"ImageObject\",\"inLanguage\":\"fr-FR\",\"@id\":\"https:\/\/bordeaux167.legtux.org\/wpress\/#\/schema\/person\/image\/\",\"url\":\"https:\/\/secure.gravatar.com\/avatar\/26ee40a55b9c5ba08ecaab5310b661e8836b995d2e55a6f2c65549a73f54a9b1?s=96&d=mm&r=g\",\"contentUrl\":\"https:\/\/secure.gravatar.com\/avatar\/26ee40a55b9c5ba08ecaab5310b661e8836b995d2e55a6f2c65549a73f54a9b1?s=96&d=mm&r=g\",\"caption\":\"Lary\"},\"sameAs\":[\"http:\/\/bordeaux167.legtux.org\/wpress\"],\"url\":\"https:\/\/bordeaux167.legtux.org\/wpress\/author\/bordeaux167\/\"}]}<\/script>\n<!-- \/ Yoast SEO plugin. -->","yoast_head_json":{"title":"Ferrari, histoire du cheval cabr\u00e9 - Bordeaux 167","robots":{"index":"index","follow":"follow","max-snippet":"max-snippet:-1","max-image-preview":"max-image-preview:large","max-video-preview":"max-video-preview:-1"},"canonical":"https:\/\/bordeaux167.legtux.org\/wpress\/ferrari-histoire-du-cheval-cabre\/","og_locale":"fr_FR","og_type":"article","og_title":"Ferrari, histoire du cheval cabr\u00e9 - Bordeaux 167","og_description":"L\u2019histoire du Cheval Cabr\u00e9, embl\u00e8me mondialement connu de Ferrari, remonte aux ann\u00e9es 1900 avec Francesco Lire la suite","og_url":"https:\/\/bordeaux167.legtux.org\/wpress\/ferrari-histoire-du-cheval-cabre\/","og_site_name":"Bordeaux 167","article_published_time":"2017-07-04T08:28:34+00:00","article_modified_time":"2017-07-04T21:04:08+00:00","og_image":[{"width":1000,"height":500,"url":"https:\/\/bordeaux167.legtux.org\/wpress\/wp-content\/uploads\/2017\/07\/Ferrari-text-logo.jpg","type":"image\/jpeg"}],"author":"Lary","twitter_card":"summary_large_image","twitter_misc":{"\u00c9crit par":"Lary","Dur\u00e9e de lecture estim\u00e9e":"6 minutes"},"schema":{"@context":"https:\/\/schema.org","@graph":[{"@type":"Article","@id":"https:\/\/bordeaux167.legtux.org\/wpress\/ferrari-histoire-du-cheval-cabre\/#article","isPartOf":{"@id":"https:\/\/bordeaux167.legtux.org\/wpress\/ferrari-histoire-du-cheval-cabre\/"},"author":{"name":"Lary","@id":"https:\/\/bordeaux167.legtux.org\/wpress\/#\/schema\/person\/86901b455ebbf49be4ddd79548fbfa58"},"headline":"Ferrari, histoire du cheval cabr\u00e9","datePublished":"2017-07-04T08:28:34+00:00","dateModified":"2017-07-04T21:04:08+00:00","mainEntityOfPage":{"@id":"https:\/\/bordeaux167.legtux.org\/wpress\/ferrari-histoire-du-cheval-cabre\/"},"wordCount":1128,"publisher":{"@id":"https:\/\/bordeaux167.legtux.org\/wpress\/#organization"},"image":{"@id":"https:\/\/bordeaux167.legtux.org\/wpress\/ferrari-histoire-du-cheval-cabre\/#primaryimage"},"thumbnailUrl":"https:\/\/bordeaux167.legtux.org\/wpress\/wp-content\/uploads\/2017\/07\/Ferrari-text-logo.jpg","articleSection":["Publications"],"inLanguage":"fr-FR"},{"@type":"WebPage","@id":"https:\/\/bordeaux167.legtux.org\/wpress\/ferrari-histoire-du-cheval-cabre\/","url":"https:\/\/bordeaux167.legtux.org\/wpress\/ferrari-histoire-du-cheval-cabre\/","name":"Ferrari, histoire du cheval cabr\u00e9 - Bordeaux 167","isPartOf":{"@id":"https:\/\/bordeaux167.legtux.org\/wpress\/#website"},"primaryImageOfPage":{"@id":"https:\/\/bordeaux167.legtux.org\/wpress\/ferrari-histoire-du-cheval-cabre\/#primaryimage"},"image":{"@id":"https:\/\/bordeaux167.legtux.org\/wpress\/ferrari-histoire-du-cheval-cabre\/#primaryimage"},"thumbnailUrl":"https:\/\/bordeaux167.legtux.org\/wpress\/wp-content\/uploads\/2017\/07\/Ferrari-text-logo.jpg","datePublished":"2017-07-04T08:28:34+00:00","dateModified":"2017-07-04T21:04:08+00:00","breadcrumb":{"@id":"https:\/\/bordeaux167.legtux.org\/wpress\/ferrari-histoire-du-cheval-cabre\/#breadcrumb"},"inLanguage":"fr-FR","potentialAction":[{"@type":"ReadAction","target":["https:\/\/bordeaux167.legtux.org\/wpress\/ferrari-histoire-du-cheval-cabre\/"]}]},{"@type":"ImageObject","inLanguage":"fr-FR","@id":"https:\/\/bordeaux167.legtux.org\/wpress\/ferrari-histoire-du-cheval-cabre\/#primaryimage","url":"https:\/\/bordeaux167.legtux.org\/wpress\/wp-content\/uploads\/2017\/07\/Ferrari-text-logo.jpg","contentUrl":"https:\/\/bordeaux167.legtux.org\/wpress\/wp-content\/uploads\/2017\/07\/Ferrari-text-logo.jpg","width":1000,"height":500},{"@type":"BreadcrumbList","@id":"https:\/\/bordeaux167.legtux.org\/wpress\/ferrari-histoire-du-cheval-cabre\/#breadcrumb","itemListElement":[{"@type":"ListItem","position":1,"name":"Accueil","item":"https:\/\/bordeaux167.legtux.org\/wpress\/"},{"@type":"ListItem","position":2,"name":"Ferrari, histoire du cheval cabr\u00e9"}]},{"@type":"WebSite","@id":"https:\/\/bordeaux167.legtux.org\/wpress\/#website","url":"https:\/\/bordeaux167.legtux.org\/wpress\/","name":"Bordeaux 167","description":"Vive la Bordeaux 167","publisher":{"@id":"https:\/\/bordeaux167.legtux.org\/wpress\/#organization"},"potentialAction":[{"@type":"SearchAction","target":{"@type":"EntryPoint","urlTemplate":"https:\/\/bordeaux167.legtux.org\/wpress\/?s={search_term_string}"},"query-input":{"@type":"PropertyValueSpecification","valueRequired":true,"valueName":"search_term_string"}}],"inLanguage":"fr-FR"},{"@type":"Organization","@id":"https:\/\/bordeaux167.legtux.org\/wpress\/#organization","name":"promotion Bordeaux 167","url":"https:\/\/bordeaux167.legtux.org\/wpress\/","logo":{"@type":"ImageObject","inLanguage":"fr-FR","@id":"https:\/\/bordeaux167.legtux.org\/wpress\/#\/schema\/logo\/image\/","url":"http:\/\/bordeaux167.legtux.org\/wpress\/wp-content\/uploads\/2017\/07\/logo_200x80.jpg","contentUrl":"http:\/\/bordeaux167.legtux.org\/wpress\/wp-content\/uploads\/2017\/07\/logo_200x80.jpg","width":200,"height":80,"caption":"promotion Bordeaux 167"},"image":{"@id":"https:\/\/bordeaux167.legtux.org\/wpress\/#\/schema\/logo\/image\/"}},{"@type":"Person","@id":"https:\/\/bordeaux167.legtux.org\/wpress\/#\/schema\/person\/86901b455ebbf49be4ddd79548fbfa58","name":"Lary","image":{"@type":"ImageObject","inLanguage":"fr-FR","@id":"https:\/\/bordeaux167.legtux.org\/wpress\/#\/schema\/person\/image\/","url":"https:\/\/secure.gravatar.com\/avatar\/26ee40a55b9c5ba08ecaab5310b661e8836b995d2e55a6f2c65549a73f54a9b1?s=96&d=mm&r=g","contentUrl":"https:\/\/secure.gravatar.com\/avatar\/26ee40a55b9c5ba08ecaab5310b661e8836b995d2e55a6f2c65549a73f54a9b1?s=96&d=mm&r=g","caption":"Lary"},"sameAs":["http:\/\/bordeaux167.legtux.org\/wpress"],"url":"https:\/\/bordeaux167.legtux.org\/wpress\/author\/bordeaux167\/"}]}},"_links":{"self":[{"href":"https:\/\/bordeaux167.legtux.org\/wpress\/wp-json\/wp\/v2\/posts\/392","targetHints":{"allow":["GET"]}}],"collection":[{"href":"https:\/\/bordeaux167.legtux.org\/wpress\/wp-json\/wp\/v2\/posts"}],"about":[{"href":"https:\/\/bordeaux167.legtux.org\/wpress\/wp-json\/wp\/v2\/types\/post"}],"author":[{"embeddable":true,"href":"https:\/\/bordeaux167.legtux.org\/wpress\/wp-json\/wp\/v2\/users\/1"}],"replies":[{"embeddable":true,"href":"https:\/\/bordeaux167.legtux.org\/wpress\/wp-json\/wp\/v2\/comments?post=392"}],"version-history":[{"count":0,"href":"https:\/\/bordeaux167.legtux.org\/wpress\/wp-json\/wp\/v2\/posts\/392\/revisions"}],"wp:featuredmedia":[{"embeddable":true,"href":"https:\/\/bordeaux167.legtux.org\/wpress\/wp-json\/wp\/v2\/media\/393"}],"wp:attachment":[{"href":"https:\/\/bordeaux167.legtux.org\/wpress\/wp-json\/wp\/v2\/media?parent=392"}],"wp:term":[{"taxonomy":"category","embeddable":true,"href":"https:\/\/bordeaux167.legtux.org\/wpress\/wp-json\/wp\/v2\/categories?post=392"},{"taxonomy":"post_tag","embeddable":true,"href":"https:\/\/bordeaux167.legtux.org\/wpress\/wp-json\/wp\/v2\/tags?post=392"}],"curies":[{"name":"wp","href":"https:\/\/api.w.org\/{rel}","templated":true}]}}